{"id":3649,"date":"2026-08-03T21:11:03","date_gmt":"2026-08-03T21:11:03","guid":{"rendered":"https:\/\/www.stod.pe\/?p=3649"},"modified":"2026-08-28T18:45:15","modified_gmt":"2026-08-28T18:45:15","slug":"carga-internacional","status":"publish","type":"post","link":"https:\/\/www.perkel.com.pe\/portal\/carga-internacional\/","title":{"rendered":"Carga Internacional"},"content":{"rendered":"<div class=\"wpb-content-wrapper\"><p>[vc_row full_width=\u00bbstretch_row\u00bb css=\u00bb.vc_custom_1787929853914{background-color: #F0F0F0 !important;}\u00bb][vc_column][vc_row_inner][vc_column_inner][vc_column_text css=\u00bb\u00bb]<\/p>\n<div class=\"hero-text-block\" style=\"position: relative; z-index: 2; padding: 60px 0px;\">\n<p><span style=\"display: inline-block; background: #2f8fe0; color: #ffffff; font-size: 12px; font-weight: bold; letter-spacing: 0.5px; padding: 6px 16px; border-radius: 20px; margin-bottom: 16px;\">SERVICIOS<\/span><\/p>\n<h1 style=\"color: #1a3a5c; font-size: 34px; font-weight: 800; line-height: 1.2; margin: 0 0 14px 0;\">Carga Internacional<\/h1>\n<p style=\"color: #5b6470; font-size: 16px; line-height: 1.6; margin: 0; max-width: 720px;\">Gesti\u00f3n integral de env\u00edos internacionales de mercanc\u00edas con cobertura global. Aseguramos que su carga llegue a su destino con la m\u00e1xima eficiencia y seguridad, respaldados por una red tecnol\u00f3gica avanzada.<\/p>\n<div class=\"vm-op-hero\">\n<div class=\"vm-op-bread\"><a href=\"https:\/\/www.perkel.com.pe\/portal\/\">Inicio<\/a> \/ <a href=\"https:\/\/www.perkel.com.pe\/portal\/servicios\/\">Servicios<\/a> \/ Carga Internacional<\/div>\n<\/div>\n<\/div>\n<p>[\/vc_column_text][\/vc_column_inner][\/vc_row_inner][\/vc_column][\/vc_row][vc_row full_width=\u00bbstretch_row\u00bb css=\u00bb.vc_custom_1784735158634{background-color: #FFFFFF !important;}\u00bb][vc_column][vc_row_inner content_placement=\u00bbtop\u00bb][vc_column_inner][vc_column_text css=\u00bb\u00bb]<\/p>\n<div class=\"servicios-grid-wrap\" style=\"display: grid; grid-template-columns: repeat(3,1fr); gap: 24px; padding: 80px 0px;\">\n<div class=\"servicio-split-card\" style=\"background: #fbfcfe; border: 1px solid #e6e9ee; border-radius: 12px; overflow: hidden;\">\n<div class=\"servicio-split-imgbox\" style=\"width: 100%; height: 180px; overflow: hidden;\"><img decoding=\"async\" class=\"servicio-split-img\" style=\"width: 100%; height: 100%; object-fit: cover; display: block;\" src=\"https:\/\/www.perkel.com.pe\/portal\/wp-content\/uploads\/2026\/08\/img-7.jpg\" alt=\"Asesoramiento y Consultor\u00eda\" \/><\/div>\n<div style=\"padding: 24px 22px;\">\n<h3 style=\"color: #1a3a5c; font-size: 18px; font-weight: bold; margin: 0 0 10px 0; line-height: 1.3;\">Flete Mar\u00edtimo FCL<\/h3>\n<p style=\"color: #5b6470; font-size: 14px; line-height: 1.6; margin: 0;\">Carga de Contenedor Completo (Full Container Load). Uso exclusivo del contenedor para m\u00e1xima seguridad y eficiencia. Disponible en equipos de 20&#8242;, 40&#8242; y 40&#8242; High Cube.<\/p>\n<\/div>\n<\/div>\n<div class=\"servicio-split-card\" style=\"background: #fbfcfe; border: 1px solid #e6e9ee; border-radius: 12px; overflow: hidden;\">\n<div class=\"servicio-split-imgbox\" style=\"width: 100%; height: 180px; overflow: hidden;\"><img decoding=\"async\" class=\"servicio-split-img\" style=\"width: 100%; height: 100%; object-fit: cover; display: block;\" src=\"https:\/\/www.perkel.com.pe\/portal\/wp-content\/uploads\/2026\/08\/img-8.jpg\" alt=\"Tr\u00e1mites Aduaneros\" \/><\/div>\n<div style=\"padding: 24px 22px;\">\n<h3 style=\"color: #1a3a5c; font-size: 18px; font-weight: bold; margin: 0 0 10px 0; line-height: 1.3;\">Flete Mar\u00edtimo LCL<\/h3>\n<p style=\"color: #5b6470; font-size: 14px; line-height: 1.6; margin: 0;\">Carga Consolidada (Less than Container Load). Optimice costos compartiendo el espacio del<br \/>\ncontenedor. Ideal para env\u00edos de menor volumen sin sacrificar tiempos de tr\u00e1nsito.<\/p>\n<\/div>\n<\/div>\n<div class=\"servicio-split-card\" style=\"background: #fbfcfe; border: 1px solid #e6e9ee; border-radius: 12px; overflow: hidden;\">\n<div class=\"servicio-split-imgbox\" style=\"width: 100%; height: 180px; overflow: hidden;\"><img decoding=\"async\" class=\"servicio-split-img\" style=\"width: 100%; height: 100%; object-fit: cover; display: block;\" src=\"https:\/\/www.perkel.com.pe\/portal\/wp-content\/uploads\/2026\/08\/img-9.jpg\" alt=\"Gesti\u00f3n de Documentos\" \/><\/div>\n<div style=\"padding: 24px 22px;\">\n<h3 style=\"color: #1a3a5c; font-size: 18px; font-weight: bold; margin: 0 0 10px 0; line-height: 1.3;\">Flete A\u00e9reo<\/h3>\n<p style=\"color: #5b6470; font-size: 14px; line-height: 1.6; margin: 0;\">Transporte r\u00e1pido y seguro para mercanc\u00edas urgentes o de alto valor. Servicio consolidado de carga general con alianzas estrat\u00e9gicas con las principales aerol\u00edneas globales.<\/p>\n<\/div>\n<\/div>\n<\/div>\n<p>[\/vc_column_text][\/vc_column_inner][\/vc_row_inner][\/vc_column][\/vc_row]<\/p>\n<\/div>","protected":false},"excerpt":{"rendered":"<p>Gesti\u00f3n estrat\u00e9gica de env\u00edos internacionales por v\u00eda mar\u00edtima, a\u00e9rea y terrestre desde cualquier origen.<\/p>\n","protected":false},"author":1,"featured_media":3926,"comment_status":"open","ping_status":"open","sticky":false,"template":"","format":"standard","meta":{"footnotes":""},"categories":[74],"tags":[],"class_list":["post-3649","post","type-post","status-publish","format-standard","has-post-thumbnail","hentry","category-servicios"],"rttpg_featured_image_url":{"full":["https:\/\/www.perkel.com.pe\/portal\/wp-content\/uploads\/2026\/08\/image-18-2.png",329,418,false],"landscape":["https:\/\/www.perkel.com.pe\/portal\/wp-content\/uploads\/2026\/08\/image-18-2.png",329,418,false],"portraits":["https:\/\/www.perkel.com.pe\/portal\/wp-content\/uploads\/2026\/08\/image-18-2.png",329,418,false],"thumbnail":["https:\/\/www.perkel.com.pe\/portal\/wp-content\/uploads\/2026\/08\/image-18-2-150x150.png",150,150,true],"medium":["https:\/\/www.perkel.com.pe\/portal\/wp-content\/uploads\/2026\/08\/image-18-2-236x300.png",236,300,true],"large":["https:\/\/www.perkel.com.pe\/portal\/wp-content\/uploads\/2026\/08\/image-18-2.png",329,418,false],"1536x1536":["https:\/\/www.perkel.com.pe\/portal\/wp-content\/uploads\/2026\/08\/image-18-2.png",329,418,false],"2048x2048":["https:\/\/www.perkel.com.pe\/portal\/wp-content\/uploads\/2026\/08\/image-18-2.png",329,418,false],"be_thumbnail":["https:\/\/www.perkel.com.pe\/portal\/wp-content\/uploads\/2026\/08\/image-18-2-150x150.png",150,150,true],"be_clients":["https:\/\/www.perkel.com.pe\/portal\/wp-content\/uploads\/2026\/08\/image-18-2-59x75.png",59,75,true],"slider-content":["https:\/\/www.perkel.com.pe\/portal\/wp-content\/uploads\/2026\/08\/image-18-2.png",329,418,false],"portfolio-mf":["https:\/\/www.perkel.com.pe\/portal\/wp-content\/uploads\/2026\/08\/image-18-2.png",329,418,false],"portfolio-mf-w":["https:\/\/www.perkel.com.pe\/portal\/wp-content\/uploads\/2026\/08\/image-18-2.png",329,418,false],"portfolio-mf-t":["https:\/\/www.perkel.com.pe\/portal\/wp-content\/uploads\/2026\/08\/image-18-2.png",329,418,false],"portfolio-list":["https:\/\/www.perkel.com.pe\/portal\/wp-content\/uploads\/2026\/08\/image-18-2.png",329,418,false],"blog-portfolio":["https:\/\/www.perkel.com.pe\/portal\/wp-content\/uploads\/2026\/08\/image-18-2.png",329,418,false],"blog-single":["https:\/\/www.perkel.com.pe\/portal\/wp-content\/uploads\/2026\/08\/image-18-2.png",329,418,false],"mobile-srcset":["https:\/\/www.perkel.com.pe\/portal\/wp-content\/uploads\/2026\/08\/image-18-2.png",329,418,false],"gform-image-choice-sm":["https:\/\/www.perkel.com.pe\/portal\/wp-content\/uploads\/2026\/08\/image-18-2.png",236,300,false],"gform-image-choice-md":["https:\/\/www.perkel.com.pe\/portal\/wp-content\/uploads\/2026\/08\/image-18-2.png",315,400,false],"gform-image-choice-lg":["https:\/\/www.perkel.com.pe\/portal\/wp-content\/uploads\/2026\/08\/image-18-2.png",329,418,false]},"rttpg_author":{"display_name":"control","author_link":"https:\/\/www.perkel.com.pe\/portal\/author\/control\/"},"rttpg_comment":0,"rttpg_category":"<a href=\"https:\/\/www.perkel.com.pe\/portal\/category\/servicios\/\" rel=\"category tag\">servicios<\/a>","rttpg_excerpt":"Gesti\u00f3n estrat\u00e9gica de env\u00edos internacionales por v\u00eda mar\u00edtima, a\u00e9rea y terrestre desde cualquier origen.","_links":{"self":[{"href":"https:\/\/www.perkel.com.pe\/portal\/wp-json\/wp\/v2\/posts\/3649","targetHints":{"allow":["GET"]}}],"collection":[{"href":"https:\/\/www.perkel.com.pe\/portal\/wp-json\/wp\/v2\/posts"}],"about":[{"href":"https:\/\/www.perkel.com.pe\/portal\/wp-json\/wp\/v2\/types\/post"}],"author":[{"embeddable":true,"href":"https:\/\/www.perkel.com.pe\/portal\/wp-json\/wp\/v2\/users\/1"}],"replies":[{"embeddable":true,"href":"https:\/\/www.perkel.com.pe\/portal\/wp-json\/wp\/v2\/comments?post=3649"}],"version-history":[{"count":8,"href":"https:\/\/www.perkel.com.pe\/portal\/wp-json\/wp\/v2\/posts\/3649\/revisions"}],"predecessor-version":[{"id":3973,"href":"https:\/\/www.perkel.com.pe\/portal\/wp-json\/wp\/v2\/posts\/3649\/revisions\/3973"}],"wp:featuredmedia":[{"embeddable":true,"href":"https:\/\/www.perkel.com.pe\/portal\/wp-json\/wp\/v2\/media\/3926"}],"wp:attachment":[{"href":"https:\/\/www.perkel.com.pe\/portal\/wp-json\/wp\/v2\/media?parent=3649"}],"wp:term":[{"taxonomy":"category","embeddable":true,"href":"https:\/\/www.perkel.com.pe\/portal\/wp-json\/wp\/v2\/categories?post=3649"},{"taxonomy":"post_tag","embeddable":true,"href":"https:\/\/www.perkel.com.pe\/portal\/wp-json\/wp\/v2\/tags?post=3649"}],"curies":[{"name":"wp","href":"https:\/\/api.w.org\/{rel}","templated":true}]}}