{"id":3637,"date":"2026-08-03T20:52:18","date_gmt":"2026-08-03T20:52:18","guid":{"rendered":"https:\/\/www.stod.pe\/?p=3637"},"modified":"2026-08-28T18:47:23","modified_gmt":"2026-08-28T18:47:23","slug":"almacen-simple","status":"publish","type":"post","link":"https:\/\/www.perkel.com.pe\/portal\/almacen-simple\/","title":{"rendered":"Almac\u00e9n Simple"},"content":{"rendered":"<div class=\"wpb-content-wrapper\"><p>[vc_row full_width=\u00bbstretch_row\u00bb css=\u00bb.vc_custom_1787929853914{background-color: #F0F0F0 !important;}\u00bb][vc_column][vc_row_inner][vc_column_inner][vc_column_text css=\u00bb\u00bb]<\/p>\n<div class=\"hero-text-block\" style=\"position: relative; z-index: 2; padding: 60px 0px;\">\n<p><span style=\"display: inline-block; background: #2f8fe0; color: #ffffff; font-size: 12px; font-weight: bold; letter-spacing: 0.5px; padding: 6px 16px; border-radius: 20px; margin-bottom: 16px;\">SERVICIOS<\/span><\/p>\n<h1 style=\"color: #1a3a5c; font-size: 34px; font-weight: 800; line-height: 1.2; margin: 0 0 14px 0;\">Almac\u00e9n Simple<\/h1>\n<p style=\"color: #5b6470; font-size: 16px; line-height: 1.6; margin: 0; max-width: 720px;\">Espacio de almacenamiento adecuado y seguro para todo tipo de carga general. Optimizamos su cadena de suministro con instalaciones preparadas para el resguardo eficiente de sus mercanc\u00edas.<\/p>\n<div class=\"vm-op-hero\">\n<div class=\"vm-op-bread\"><a href=\"https:\/\/www.perkel.com.pe\/portal\/\">Inicio<\/a> \/ <a href=\"https:\/\/www.perkel.com.pe\/portal\/servicios\/\">Servicios<\/a> \/ Almac\u00e9n Simple<\/div>\n<\/div>\n<\/div>\n<p>[\/vc_column_text][\/vc_column_inner][\/vc_row_inner][\/vc_column][\/vc_row][vc_row full_width=\u00bbstretch_row\u00bb css=\u00bb.vc_custom_1784735158634{background-color: #FFFFFF !important;}\u00bb][vc_column][vc_empty_space height=\u00bb60px\u00bb][vc_row_inner content_placement=\u00bbtop\u00bb][vc_column_inner][vc_column_text css=\u00bb\u00bb]<\/p>\n<div class=\"proc-card\" style=\"background: #ffffff; border: 1px solid #eef1f4; border-radius: 16px; padding: 40px; display: flex; flex-wrap: wrap; gap: 40px; align-items: center; margin: 0 auto;\">\n<div style=\"flex: 1 1 400px; min-width: 300px;\">\n<h3 style=\"font-size: 24px; font-weight: 800; color: #0d3a66; margin: 0 0 16px 0;\">Almacenamiento Temporal Estrat\u00e9gico<\/h3>\n<p style=\"font-size: 15px; line-height: 1.7; color: #555555; margin: 0 0 32px 0;\">Ubicaci\u00f3n \u00f3ptima que facilita la distribuci\u00f3n \u00e1gil o preparaci\u00f3n previa a la venta. Reduzca tiempos de tr\u00e1nsito y optimice sus costos log\u00edsticos con nuestra soluci\u00f3n de almacenamiento de tr\u00e1nsito.<\/p>\n<div style=\"display: flex; align-items: center; position: relative;\">\n<div style=\"display: flex; flex-direction: column; align-items: center; position: relative; z-index: 2;\">\n<div class=\"step-dot step-done\"><img decoding=\"async\" style=\"width: 32px; height: 32px;\" src=\"https:\/\/www.perkel.com.pe\/portal\/wp-content\/uploads\/2026\/08\/vuelo.png\" alt=\"Recepci\u00f3n\" \/><\/div>\n<p><span style=\"font-size: 13px; color: #555555; margin-top: 10px; font-weight: 600;\">Recepci\u00f3n<\/span><\/p>\n<\/div>\n<div class=\"step-line step-line-done\"><\/div>\n<div style=\"display: flex; flex-direction: column; align-items: center; position: relative; z-index: 2;\">\n<div class=\"step-dot step-active\"><img decoding=\"async\" style=\"width: 32px; height: 32px;\" src=\"https:\/\/www.perkel.com.pe\/portal\/wp-content\/uploads\/2026\/08\/cajas.png\" alt=\"Almac\u00e9n\" \/><\/div>\n<p><span style=\"font-size: 13px; color: #0d63b8; margin-top: 10px; font-weight: bold;\">Almac\u00e9n<\/span><\/p>\n<\/div>\n<div class=\"step-line step-line-pending\"><\/div>\n<div style=\"display: flex; flex-direction: column; align-items: center; position: relative; z-index: 2;\">\n<div class=\"step-dot step-pending\"><img decoding=\"async\" style=\"width: 32px; height: 32px;\" src=\"https:\/\/www.perkel.com.pe\/portal\/wp-content\/uploads\/2026\/08\/camion-de-reparto.png\" alt=\"Distribuci\u00f3n\" \/><\/div>\n<p><span style=\"font-size: 13px; color: #999999; margin-top: 10px; font-weight: 600;\">Distribuci\u00f3n<\/span><\/p>\n<\/div>\n<\/div>\n<\/div>\n<div class=\"proc-img-wrap\" style=\"flex: 1 1 400px; min-width: 300px; max-width: 480px;\"><img decoding=\"async\" class=\"proc-img\" style=\"width: 100%; height: 260px; object-fit: cover; display: block; border-radius: 10px;\" src=\"https:\/\/www.perkel.com.pe\/portal\/wp-content\/uploads\/2026\/08\/image-22.png\" alt=\"Almacenamiento temporal\" \/><\/div>\n<\/div>\n<p>[\/vc_column_text][\/vc_column_inner][\/vc_row_inner][vc_empty_space height=\u00bb60px\u00bb][\/vc_column][\/vc_row]<\/p>\n<\/div>","protected":false},"excerpt":{"rendered":"<p>Infraestructura adecuada para el almacenamiento de carga general bajo est\u00e1ndares de seguridad y personal calificado.<\/p>\n","protected":false},"author":1,"featured_media":3923,"comment_status":"open","ping_status":"open","sticky":false,"template":"","format":"standard","meta":{"footnotes":""},"categories":[74],"tags":[],"class_list":["post-3637","post","type-post","status-publish","format-standard","has-post-thumbnail","hentry","category-servicios"],"rttpg_featured_image_url":{"full":["https:\/\/www.perkel.com.pe\/portal\/wp-content\/uploads\/2026\/08\/image-21.png",319,418,false],"landscape":["https:\/\/www.perkel.com.pe\/portal\/wp-content\/uploads\/2026\/08\/image-21.png",319,418,false],"portraits":["https:\/\/www.perkel.com.pe\/portal\/wp-content\/uploads\/2026\/08\/image-21.png",319,418,false],"thumbnail":["https:\/\/www.perkel.com.pe\/portal\/wp-content\/uploads\/2026\/08\/image-21-150x150.png",150,150,true],"medium":["https:\/\/www.perkel.com.pe\/portal\/wp-content\/uploads\/2026\/08\/image-21-229x300.png",229,300,true],"large":["https:\/\/www.perkel.com.pe\/portal\/wp-content\/uploads\/2026\/08\/image-21.png",319,418,false],"1536x1536":["https:\/\/www.perkel.com.pe\/portal\/wp-content\/uploads\/2026\/08\/image-21.png",319,418,false],"2048x2048":["https:\/\/www.perkel.com.pe\/portal\/wp-content\/uploads\/2026\/08\/image-21.png",319,418,false],"be_thumbnail":["https:\/\/www.perkel.com.pe\/portal\/wp-content\/uploads\/2026\/08\/image-21-150x150.png",150,150,true],"be_clients":["https:\/\/www.perkel.com.pe\/portal\/wp-content\/uploads\/2026\/08\/image-21-57x75.png",57,75,true],"slider-content":["https:\/\/www.perkel.com.pe\/portal\/wp-content\/uploads\/2026\/08\/image-21.png",319,418,false],"portfolio-mf":["https:\/\/www.perkel.com.pe\/portal\/wp-content\/uploads\/2026\/08\/image-21.png",319,418,false],"portfolio-mf-w":["https:\/\/www.perkel.com.pe\/portal\/wp-content\/uploads\/2026\/08\/image-21.png",319,418,false],"portfolio-mf-t":["https:\/\/www.perkel.com.pe\/portal\/wp-content\/uploads\/2026\/08\/image-21.png",319,418,false],"portfolio-list":["https:\/\/www.perkel.com.pe\/portal\/wp-content\/uploads\/2026\/08\/image-21.png",319,418,false],"blog-portfolio":["https:\/\/www.perkel.com.pe\/portal\/wp-content\/uploads\/2026\/08\/image-21.png",319,418,false],"blog-single":["https:\/\/www.perkel.com.pe\/portal\/wp-content\/uploads\/2026\/08\/image-21.png",319,418,false],"mobile-srcset":["https:\/\/www.perkel.com.pe\/portal\/wp-content\/uploads\/2026\/08\/image-21.png",319,418,false],"gform-image-choice-sm":["https:\/\/www.perkel.com.pe\/portal\/wp-content\/uploads\/2026\/08\/image-21.png",229,300,false],"gform-image-choice-md":["https:\/\/www.perkel.com.pe\/portal\/wp-content\/uploads\/2026\/08\/image-21.png",305,400,false],"gform-image-choice-lg":["https:\/\/www.perkel.com.pe\/portal\/wp-content\/uploads\/2026\/08\/image-21.png",319,418,false]},"rttpg_author":{"display_name":"control","author_link":"https:\/\/www.perkel.com.pe\/portal\/author\/control\/"},"rttpg_comment":0,"rttpg_category":"<a href=\"https:\/\/www.perkel.com.pe\/portal\/category\/servicios\/\" rel=\"category tag\">servicios<\/a>","rttpg_excerpt":"Infraestructura adecuada para el almacenamiento de carga general bajo est\u00e1ndares de seguridad y personal calificado.","_links":{"self":[{"href":"https:\/\/www.perkel.com.pe\/portal\/wp-json\/wp\/v2\/posts\/3637","targetHints":{"allow":["GET"]}}],"collection":[{"href":"https:\/\/www.perkel.com.pe\/portal\/wp-json\/wp\/v2\/posts"}],"about":[{"href":"https:\/\/www.perkel.com.pe\/portal\/wp-json\/wp\/v2\/types\/post"}],"author":[{"embeddable":true,"href":"https:\/\/www.perkel.com.pe\/portal\/wp-json\/wp\/v2\/users\/1"}],"replies":[{"embeddable":true,"href":"https:\/\/www.perkel.com.pe\/portal\/wp-json\/wp\/v2\/comments?post=3637"}],"version-history":[{"count":8,"href":"https:\/\/www.perkel.com.pe\/portal\/wp-json\/wp\/v2\/posts\/3637\/revisions"}],"predecessor-version":[{"id":3976,"href":"https:\/\/www.perkel.com.pe\/portal\/wp-json\/wp\/v2\/posts\/3637\/revisions\/3976"}],"wp:featuredmedia":[{"embeddable":true,"href":"https:\/\/www.perkel.com.pe\/portal\/wp-json\/wp\/v2\/media\/3923"}],"wp:attachment":[{"href":"https:\/\/www.perkel.com.pe\/portal\/wp-json\/wp\/v2\/media?parent=3637"}],"wp:term":[{"taxonomy":"category","embeddable":true,"href":"https:\/\/www.perkel.com.pe\/portal\/wp-json\/wp\/v2\/categories?post=3637"},{"taxonomy":"post_tag","embeddable":true,"href":"https:\/\/www.perkel.com.pe\/portal\/wp-json\/wp\/v2\/tags?post=3637"}],"curies":[{"name":"wp","href":"https:\/\/api.w.org\/{rel}","templated":true}]}}